{"id":587,"date":"2026-01-07T21:21:14","date_gmt":"2026-01-07T20:21:14","guid":{"rendered":"https:\/\/www.etineris.net\/blog\/?p=587"},"modified":"2026-02-13T11:11:45","modified_gmt":"2026-02-13T10:11:45","slug":"milano-fashion-week-womens-2026","status":"publish","type":"post","link":"https:\/\/www.etineris.net\/blog\/milano-fashion-week-womens-2026\/","title":{"rendered":"Milano Fashion Week Womens 2026 | Date ed eventi"},"content":{"rendered":"\n<h1 class=\"wp-block-heading\" id=\"h-\"><\/h1>\n\n\n\n<p>La Milano Fashion Week Womens 2026 trasformer\u00e0 Milano nella capitale globale della moda femminile dal <strong>24 febbraio al 2 marzo 2026<\/strong>, Milano torner\u00e0 a essere il cuore pulsante della moda internazionale con la <strong>Milano Fashion Week Womens<\/strong>, uno degli appuntamenti pi\u00f9 attesi dell\u2019intero calendario fashion mondiale. Un evento che non \u00e8 soltanto una settimana di sfilate, ma un ecosistema culturale, creativo ed economico che coinvolge l\u2019intera citt\u00e0, le istituzioni, i brand storici e le nuove generazioni di designer.<\/p>\n\n\n\n<p>Sotto il coordinamento della <strong>Camera Nazionale della Moda Italiana<\/strong>, la settimana della moda femminile milanese rappresenta un punto di riferimento globale per buyer, stampa internazionale, influencer, investitori e professionisti del settore. Milano non ospita semplicemente la moda: la interpreta, la guida e la trasforma in valore culturale e industriale.<\/p>\n\n\n\n<p>In questo articolo approfondito \u2013 realizzato su incarico istituzionale \u2013 analizziamo <strong>tutto ci\u00f2 che rende unica la Milano Fashion Week Womens 2026<\/strong>: il significato strategico dell\u2019evento, il ruolo della citt\u00e0, le tendenze attese, l\u2019impatto economico e culturale, le location iconiche, le opportunit\u00e0 per operatori e visitatori, e le risposte alle domande pi\u00f9 frequenti.<\/p>\n\n\n\n<hr class=\"wp-block-separator has-alpha-channel-opacity\"\/>\n\n\n\n<h2 class=\"wp-block-heading\" id=\"h-cos-e-la-milano-fashion-week-womens-e-perche-conta-davvero\">Cos\u2019\u00e8 la Milano Fashion Week Womens e perch\u00e9 conta davvero<\/h2>\n\n\n\n<p>La <strong>Milano Fashion Week Womens<\/strong> \u00e8 uno dei quattro appuntamenti cardine del fashion system globale, insieme a Parigi, Londra e New York. Tuttavia, Milano si distingue per una caratteristica unica: <strong>l\u2019equilibrio tra creativit\u00e0 e industria<\/strong>.<\/p>\n\n\n\n<p>Qui la moda non \u00e8 solo espressione artistica, ma anche produzione, filiera, manifattura, export, sostenibilit\u00e0 e innovazione tecnologica. \u00c8 proprio questo connubio che rende la Fashion Week milanese un evento strategico non solo per gli addetti ai lavori, ma per l\u2019intero sistema Paese.<\/p>\n\n\n\n<h3 class=\"wp-block-heading\" id=\"h-un-evento-che-parla-al-mondo\">Un evento che parla al mondo<\/h3>\n\n\n\n<p>Ogni edizione richiama:<\/p>\n\n\n\n<ul class=\"wp-block-list\">\n<li>centinaia di buyer internazionali<\/li>\n\n\n\n<li>migliaia di giornalisti accreditati<\/li>\n\n\n\n<li>creativi, stylist, fotografi e talent scout<\/li>\n\n\n\n<li>brand emergenti e maison storiche<\/li>\n\n\n\n<li>un pubblico globale che segue l\u2019evento in streaming, social e media digitali<\/li>\n<\/ul>\n\n\n\n<p>La Milano Fashion Week Womens non \u00e8 quindi un evento locale, ma <strong>una piattaforma globale di comunicazione e business<\/strong>.<\/p>\n\n\n\n<p>Durante la Milano Fashion Week, la domanda di <strong><a href=\"https:\/\/www.etineris.net\/it\/hotel-milano\/\">hotel a Milano per eventi e settimane della moda<\/a><\/strong> cresce in modo significativo, soprattutto nelle zone centrali e ben collegate ai principali luoghi delle sfilate.<\/p>\n\n\n\n<hr class=\"wp-block-separator has-alpha-channel-opacity\"\/>\n\n\n\n<h2 class=\"wp-block-heading\" id=\"h-milano-fashion-week-womens-le-date-ufficiali-24-febbraio-2-marzo-2026\">Milano Fashion Week Womens, le date ufficiali: 24 febbraio \u2013 2 marzo 2026<\/h2>\n\n\n\n<p>L\u2019edizione 2026 si svolger\u00e0 <strong>dal 24 febbraio al 2 marzo<\/strong>, in un momento strategico dell\u2019anno: la presentazione delle <strong>collezioni Autunno\/Inverno 2026-2027<\/strong>. Una finestra temporale decisiva per il mercato, durante la quale si definiscono tendenze, ordini, collaborazioni e investimenti.<\/p>\n\n\n\n<p>La scelta delle date consente inoltre una continuit\u00e0 perfetta con il calendario internazionale, rafforzando il ruolo di Milano come <strong>hub centrale del fashion system europeo<\/strong>.<\/p>\n\n\n\n<hr class=\"wp-block-separator has-alpha-channel-opacity\"\/>\n\n\n\n<h2 class=\"wp-block-heading\" id=\"h-il-ruolo-della-camera-nazionale-della-moda-italiana\">Il ruolo della Camera Nazionale della Moda Italiana<\/h2>\n\n\n\n<p>La <strong>Camera Nazionale della Moda Italiana (CNMI)<\/strong> \u00e8 l\u2019ente istituzionale che organizza, coordina e promuove la Milano Fashion Week. Fondata nel 1958, rappresenta oggi il punto di riferimento per la moda italiana nel mondo.<\/p>\n\n\n\n<h3 class=\"wp-block-heading\" id=\"h-le-funzioni-chiave-della-cnmi\">Le funzioni chiave della CNMI<\/h3>\n\n\n\n<ul class=\"wp-block-list\">\n<li>definizione del calendario ufficiale delle sfilate<\/li>\n\n\n\n<li>coordinamento tra brand, istituzioni e media<\/li>\n\n\n\n<li>promozione internazionale del Made in Italy<\/li>\n\n\n\n<li>supporto ai giovani designer<\/li>\n\n\n\n<li>sviluppo di progetti su sostenibilit\u00e0, inclusione e innovazione<\/li>\n<\/ul>\n\n\n\n<p>Nel contesto della Fashion Week Women\u2019s 2026, la CNMI svolge un ruolo fondamentale nel garantire <strong>qualit\u00e0, coerenza e autorevolezza<\/strong> all\u2019intero evento.<\/p>\n\n\n\n<p>L\u2019intero calendario ufficiale, le sfilate e le iniziative istituzionali della <strong><a href=\"https:\/\/www.cameramoda.it\/it\/milano-moda-donna\/\" target=\"_blank\" rel=\"noreferrer noopener\">Camera Nazionale della Moda Italiana e Milano Fashion Week Women\u2019s<\/a><\/strong> confermano il ruolo centrale di Milano come piattaforma globale per la moda femminile contemporanea.<\/p>\n\n\n\n<hr class=\"wp-block-separator has-alpha-channel-opacity\"\/>\n\n\n\n<h2 class=\"wp-block-heading\" id=\"h-milano-la-citta-che-diventa-passerella\">Milano: la citt\u00e0 che diventa passerella<\/h2>\n\n\n\n<p>Durante la Fashion Week, <strong>Milano<\/strong> si trasforma completamente. Le sue strade, i palazzi storici, i musei, gli spazi industriali riconvertiti e le boutique del Quadrilatero diventano scenari di sfilate, presentazioni, eventi esclusivi e incontri professionali.<\/p>\n\n\n\n<h3 class=\"wp-block-heading\" id=\"h-le-zone-protagoniste\">Le zone protagoniste<\/h3>\n\n\n\n<ul class=\"wp-block-list\">\n<li><strong>Quadrilatero della Moda<\/strong> (Via Montenapoleone, Via della Spiga, Via Sant\u2019Andrea)<\/li>\n\n\n\n<li><strong>Brera e Porta Venezia<\/strong> per eventi e showroom<\/li>\n\n\n\n<li><strong>Tortona e Zona Navigli<\/strong> per fashion hub e presentazioni alternative<\/li>\n\n\n\n<li><strong>Palazzi storici<\/strong> come Palazzo Serbelloni, Palazzo Mezzanotte, Palazzo Reale<\/li>\n<\/ul>\n\n\n\n<p>Milano dimostra cos\u00ec la sua capacit\u00e0 di coniugare <strong>heritage storico e visione contemporanea<\/strong>, rendendo la citt\u00e0 parte integrante del racconto moda.<\/p>\n\n\n\n<p>Durante la settimana della moda, <strong><a href=\"https:\/\/www.comune.milano.it\/\" target=\"_blank\" rel=\"noreferrer noopener\">Milano capitale internazionale della moda<\/a><\/strong> si trasforma in un hub creativo diffuso, coinvolgendo istituzioni, quartieri storici e nuove aree urbane in un dialogo continuo tra cultura, economia e design.<\/p>\n\n\n\n<p>Milano non \u00e8 solo moda e passerelle: durante grandi eventi come la Fashion Week, la citt\u00e0 accoglie anche importanti appuntamenti congressuali e professionali, come quelli organizzati presso il&nbsp;<strong><a href=\"https:\/\/www.etineris.net\/blog\/mico-milano\/\">MiCo Milano Convention Centre<\/a><\/strong>, location di riferimento per meeting ed eventi business.<\/p>\n\n\n\n<hr class=\"wp-block-separator has-alpha-channel-opacity\"\/>\n\n\n\n<h2 class=\"wp-block-heading\" id=\"h-tendenze-attese-per-la-milano-fashion-week-womens-2026\">Tendenze attese per la Milano Fashion Week Womens 2026<\/h2>\n\n\n\n<p>Anche se la moda vive di sorpresa e sperimentazione, alcune direttrici sono gi\u00e0 chiaramente percepibili.<\/p>\n\n\n\n<h3 class=\"wp-block-heading\" id=\"h-1-sostenibilita-concreta-non-solo-dichiarata\">1. Sostenibilit\u00e0 concreta, non solo dichiarata<\/h3>\n\n\n\n<p>I brand saranno chiamati a dimostrare con fatti misurabili il loro impegno ambientale: filiere tracciabili, materiali innovativi, riduzione degli sprechi e responsabilit\u00e0 sociale.<\/p>\n\n\n\n<h3 class=\"wp-block-heading\" id=\"h-2-nuova-femminilita-contemporanea\">2. Nuova femminilit\u00e0 contemporanea<\/h3>\n\n\n\n<p>Linee fluide, sartorialit\u00e0 evoluta e un\u2019estetica che celebra la forza, la diversit\u00e0 e l\u2019identit\u00e0 individuale.<\/p>\n\n\n\n<h3 class=\"wp-block-heading\" id=\"h-3-tecnologia-e-artigianato\">3. Tecnologia e artigianato<\/h3>\n\n\n\n<p>L\u2019incontro tra tradizione manifatturiera italiana e nuove tecnologie (AI, 3D, materiali intelligenti) sar\u00e0 uno dei temi centrali.<\/p>\n\n\n\n<h3 class=\"wp-block-heading\" id=\"h-4-inclusivita-e-multiculturalita\">4. Inclusivit\u00e0 e multiculturalit\u00e0<\/h3>\n\n\n\n<p>Casting pi\u00f9 rappresentativi, storytelling autentici e collezioni pensate per un pubblico globale e trasversale.<\/p>\n\n\n\n<hr class=\"wp-block-separator has-alpha-channel-opacity\"\/>\n\n\n\n<h2 class=\"wp-block-heading\" id=\"h-impatto-economico-e-valore-per-il-sistema-italia\">Impatto economico e valore per il sistema Italia<\/h2>\n\n\n\n<p>La Milano Fashion Week Women\u2019s genera ogni anno <strong>un impatto economico stimato in centinaia di milioni di euro<\/strong>, considerando:<\/p>\n\n\n\n<ul class=\"wp-block-list\">\n<li>hospitality e hotellerie<\/li>\n\n\n\n<li>ristorazione e servizi<\/li>\n\n\n\n<li>trasporti e logistica<\/li>\n\n\n\n<li>produzione eventi e comunicazione<\/li>\n\n\n\n<li>ordini commerciali e export<\/li>\n<\/ul>\n\n\n\n<p>Ma il valore pi\u00f9 grande \u00e8 forse quello <strong>intangibile<\/strong>: reputazione, posizionamento internazionale, attrattivit\u00e0 per investimenti e talenti.<\/p>\n\n\n\n<hr class=\"wp-block-separator has-alpha-channel-opacity\"\/>\n\n\n\n<h2 class=\"wp-block-heading\" id=\"h-un-evento-che-parla-anche-al-pubblico\">Un evento che parla anche al pubblico<\/h2>\n\n\n\n<p>Negli ultimi anni la Fashion Week si \u00e8 aperta sempre di pi\u00f9 alla citt\u00e0 e ai cittadini. Installazioni artistiche, mostre, eventi collaterali, talk e iniziative culturali permettono anche ai non addetti ai lavori di vivere l\u2019atmosfera della moda.<\/p>\n\n\n\n<p>Questo approccio inclusivo rafforza il legame tra Milano, la moda e il suo pubblico, rendendo l\u2019evento <strong>un\u2019esperienza urbana condivisa<\/strong>.<\/p>\n\n\n\n<hr class=\"wp-block-separator has-alpha-channel-opacity\"\/>\n\n\n\n<h2 class=\"wp-block-heading\" id=\"h-perche-la-milano-fashion-week-womens-2026-e-un-appuntamento-strategico\">Perch\u00e9 la Milano Fashion Week Womens 2026 \u00e8 un appuntamento strategico<\/h2>\n\n\n\n<p>In un contesto globale in continua evoluzione, la Fashion Week milanese rappresenta:<\/p>\n\n\n\n<ul class=\"wp-block-list\">\n<li>un punto fermo di autorevolezza<\/li>\n\n\n\n<li>un laboratorio di innovazione<\/li>\n\n\n\n<li>una vetrina internazionale per il Made in Italy<\/li>\n\n\n\n<li>un acceleratore di relazioni e opportunit\u00e0<\/li>\n<\/ul>\n\n\n\n<p>La combinazione di <strong>creativit\u00e0, industria, cultura e visione<\/strong> rende Milano un modello unico nel panorama fashion mondiale.<\/p>\n\n\n\n<hr class=\"wp-block-separator has-alpha-channel-opacity\"\/>\n\n\n\n<h2 class=\"wp-block-heading\" id=\"h-faq-domande-frequenti-sulla-milano-fashion-week-womens-2026\">FAQ \u2013 Domande frequenti sulla Milano Fashion Week Womens 2026<\/h2>\n\n\n\n<h3 class=\"wp-block-heading\" id=\"h-quando-si-svolge-la-milano-fashion-week-womens-2026\">Quando si svolge la Milano Fashion Week Womens 2026?<\/h3>\n\n\n\n<p>Dal <strong>24 febbraio al 2 marzo 2026<\/strong>.<\/p>\n\n\n\n<h3 class=\"wp-block-heading\" id=\"h-chi-organizza-ufficialmente-l-evento\">Chi organizza ufficialmente l\u2019evento?<\/h3>\n\n\n\n<p>La <strong>Camera Nazionale della Moda Italiana<\/strong>.<\/p>\n\n\n\n<h3 class=\"wp-block-heading\" id=\"h-e-un-evento-aperto-al-pubblico\">\u00c8 un evento aperto al pubblico?<\/h3>\n\n\n\n<p>Le sfilate sono su invito, ma molti eventi collaterali, mostre e installazioni sono accessibili al pubblico.<\/p>\n\n\n\n<h3 class=\"wp-block-heading\" id=\"h-dove-si-tengono-le-sfilate\">Dove si tengono le sfilate?<\/h3>\n\n\n\n<p>In diverse location di Milano: palazzi storici, fashion hub, spazi industriali e showroom.<\/p>\n\n\n\n<h3 class=\"wp-block-heading\" id=\"h-qual-e-l-importanza-internazionale-dell-evento\">Qual \u00e8 l\u2019importanza internazionale dell\u2019evento?<\/h3>\n\n\n\n<p>\u00c8 uno dei quattro appuntamenti fashion pi\u00f9 influenti al mondo e determina tendenze e strategie globali.<\/p>\n\n\n\n<hr class=\"wp-block-separator has-alpha-channel-opacity\"\/>\n\n\n\n<h2 class=\"wp-block-heading\" id=\"h-milano-fashion-week-womens-2026\">Milano Fashion Week Womens 2026<\/h2>\n\n\n\n<p>La <strong>Milano Fashion Week Women\u2019s 2026<\/strong> non \u00e8 soltanto una settimana di sfilate, ma <strong>un manifesto del ruolo di Milano come capitale mondiale della moda<\/strong>. Un evento che racconta il presente e anticipa il futuro, mettendo al centro talento, sostenibilit\u00e0, industria e cultura.<\/p>\n\n\n\n<p>Dal 24 febbraio al 2 marzo 2026, Milano torner\u00e0 a parlare al mondo attraverso il linguaggio universale della moda. E ancora una volta, il mondo sar\u00e0 pronto ad ascoltarla.<\/p>\n\n\n\n<script type=\"application\/ld+json\">\n{\n  \"@context\": \"https:\/\/schema.org\",\n  \"@type\": \"FAQPage\",\n  \"mainEntity\": [\n    {\n      \"@type\": \"Question\",\n      \"name\": \"Quando si svolge la Milano Fashion Week Women\u2019s 2026?\",\n      \"acceptedAnswer\": {\n        \"@type\": \"Answer\",\n        \"text\": \"La Milano Fashion Week Women\u2019s 2026 si terr\u00e0 dal 24 febbraio al 2 marzo 2026.\"\n      }\n    },\n    {\n      \"@type\": \"Question\",\n      \"name\": \"Chi organizza la Milano Fashion Week Women\u2019s?\",\n      \"acceptedAnswer\": {\n        \"@type\": \"Answer\",\n        \"text\": \"L\u2019evento \u00e8 organizzato dalla Camera Nazionale della Moda Italiana.\"\n      }\n    },\n    {\n      \"@type\": \"Question\",\n      \"name\": \"La Milano Fashion Week \u00e8 aperta al pubblico?\",\n      \"acceptedAnswer\": {\n        \"@type\": \"Answer\",\n        \"text\": \"Le sfilate sono su invito, ma molti eventi collaterali e iniziative culturali sono aperti al pubblico.\"\n      }\n    },\n    {\n      \"@type\": \"Question\",\n      \"name\": \"Perch\u00e9 la Milano Fashion Week \u00e8 cos\u00ec importante?\",\n      \"acceptedAnswer\": {\n        \"@type\": \"Answer\",\n        \"text\": \"Perch\u00e9 unisce creativit\u00e0, industria e Made in Italy, influenzando il mercato e le tendenze globali della moda.\"\n      }\n    }\n  ]\n}\n<\/script>\n","protected":false},"excerpt":{"rendered":"<p>La Milano Fashion Week Womens 2026 trasformer\u00e0 Milano nella capitale globale della moda femminile dal 24 febbraio al 2 marzo 2026, Milano torner\u00e0 a essere il cuore pulsante della moda internazionale con la Milano Fashion Week Womens, uno degli appuntamenti pi\u00f9 attesi dell\u2019intero calendario fashion mondiale. Un evento che non \u00e8 soltanto una settimana di [&hellip;]<\/p>\n","protected":false},"author":1,"featured_media":0,"comment_status":"open","ping_status":"open","sticky":false,"template":"","format":"standard","meta":{"footnotes":"","jetpack_publicize_message":"","jetpack_publicize_feature_enabled":true,"jetpack_social_post_already_shared":true,"jetpack_social_options":{"image_generator_settings":{"template":"highway","default_image_id":0,"font":"","enabled":false},"version":2}},"categories":[3],"tags":[],"class_list":["post-587","post","type-post","status-publish","format-standard","hentry","category-consigli-di-viaggio"],"yoast_head":"<!-- This site is optimized with the Yoast SEO Premium plugin v26.9 (Yoast SEO v26.9) - https:\/\/yoast.com\/product\/yoast-seo-premium-wordpress\/ -->\n<title>Milano Fashion Week Womens 2026 | Date ed eventi - Etineris Blog - Consigli di viaggio, hotel e destinazioni in tutto il mondo<\/title>\n<meta name=\"description\" content=\"Scopri la Milano Fashion Week Womens 2026: date ufficiali, eventi, tendenze e ruolo della Camera della Moda, 24 febbraio al 2 marzo a Milano\" \/>\n<meta name=\"robots\" content=\"index, follow, max-snippet:-1, max-image-preview:large, max-video-preview:-1\" \/>\n<link rel=\"canonical\" href=\"https:\/\/www.etineris.net\/blog\/milano-fashion-week-womens-2026\/\" \/>\n<meta property=\"og:locale\" content=\"en_US\" \/>\n<meta property=\"og:type\" content=\"article\" \/>\n<meta property=\"og:title\" content=\"Milano Fashion Week Womens 2026 | Date ed eventi\" \/>\n<meta property=\"og:description\" content=\"Scopri la Milano Fashion Week Womens 2026: date ufficiali, eventi, tendenze e ruolo della Camera della Moda, 24 febbraio al 2 marzo a Milano\" \/>\n<meta property=\"og:url\" content=\"https:\/\/www.etineris.net\/blog\/milano-fashion-week-womens-2026\/\" \/>\n<meta property=\"og:site_name\" content=\"Etineris Blog - Consigli di viaggio, hotel e destinazioni in tutto il mondo\" \/>\n<meta property=\"article:publisher\" content=\"https:\/\/www.facebook.com\/Etinerisnet\" \/>\n<meta property=\"article:published_time\" content=\"2026-01-07T20:21:14+00:00\" \/>\n<meta property=\"article:modified_time\" content=\"2026-02-13T10:11:45+00:00\" \/>\n<meta property=\"og:image\" content=\"https:\/\/www.etineris.net\/blog\/wp-content\/uploads\/2025\/07\/etineris.png\" \/>\n\t<meta property=\"og:image:width\" content=\"162\" \/>\n\t<meta property=\"og:image:height\" content=\"80\" \/>\n\t<meta property=\"og:image:type\" content=\"image\/png\" \/>\n<meta name=\"author\" content=\"admin\" \/>\n<meta name=\"twitter:card\" content=\"summary_large_image\" \/>\n<meta name=\"twitter:creator\" content=\"@etineris\" \/>\n<meta name=\"twitter:site\" content=\"@etineris\" \/>\n<meta name=\"twitter:label1\" content=\"Written by\" \/>\n\t<meta name=\"twitter:data1\" content=\"admin\" \/>\n\t<meta name=\"twitter:label2\" content=\"Est. reading time\" \/>\n\t<meta name=\"twitter:data2\" content=\"7 minutes\" \/>\n<script type=\"application\/ld+json\" class=\"yoast-schema-graph\">{\"@context\":\"https:\/\/schema.org\",\"@graph\":[{\"@type\":\"Article\",\"@id\":\"https:\/\/www.etineris.net\/blog\/milano-fashion-week-womens-2026\/#article\",\"isPartOf\":{\"@id\":\"https:\/\/www.etineris.net\/blog\/milano-fashion-week-womens-2026\/\"},\"author\":{\"name\":\"admin\",\"@id\":\"https:\/\/www.etineris.net\/blog\/#\/schema\/person\/77f4596f820b284f80c21046f37db9ba\"},\"headline\":\"Milano Fashion Week Womens 2026 | Date ed eventi\",\"datePublished\":\"2026-01-07T20:21:14+00:00\",\"dateModified\":\"2026-02-13T10:11:45+00:00\",\"mainEntityOfPage\":{\"@id\":\"https:\/\/www.etineris.net\/blog\/milano-fashion-week-womens-2026\/\"},\"wordCount\":1205,\"commentCount\":0,\"publisher\":{\"@id\":\"https:\/\/www.etineris.net\/blog\/#organization\"},\"articleSection\":[\"Consigli di viaggio\"],\"inLanguage\":\"en-US\",\"potentialAction\":[{\"@type\":\"CommentAction\",\"name\":\"Comment\",\"target\":[\"https:\/\/www.etineris.net\/blog\/milano-fashion-week-womens-2026\/#respond\"]}],\"copyrightYear\":\"2026\",\"copyrightHolder\":{\"@id\":\"https:\/\/www.etineris.net\/blog\/#organization\"}},{\"@type\":\"WebPage\",\"@id\":\"https:\/\/www.etineris.net\/blog\/milano-fashion-week-womens-2026\/\",\"url\":\"https:\/\/www.etineris.net\/blog\/milano-fashion-week-womens-2026\/\",\"name\":\"Milano Fashion Week Womens 2026 | Date ed eventi - Etineris Blog - Consigli di viaggio, hotel e destinazioni in tutto il mondo\",\"isPartOf\":{\"@id\":\"https:\/\/www.etineris.net\/blog\/#website\"},\"datePublished\":\"2026-01-07T20:21:14+00:00\",\"dateModified\":\"2026-02-13T10:11:45+00:00\",\"description\":\"Scopri la Milano Fashion Week Womens 2026: date ufficiali, eventi, tendenze e ruolo della Camera della Moda, 24 febbraio al 2 marzo a Milano\",\"breadcrumb\":{\"@id\":\"https:\/\/www.etineris.net\/blog\/milano-fashion-week-womens-2026\/#breadcrumb\"},\"inLanguage\":\"en-US\",\"potentialAction\":[{\"@type\":\"ReadAction\",\"target\":[\"https:\/\/www.etineris.net\/blog\/milano-fashion-week-womens-2026\/\"]}]},{\"@type\":\"BreadcrumbList\",\"@id\":\"https:\/\/www.etineris.net\/blog\/milano-fashion-week-womens-2026\/#breadcrumb\",\"itemListElement\":[{\"@type\":\"ListItem\",\"position\":1,\"name\":\"Home\",\"item\":\"https:\/\/www.etineris.net\/blog\/\"},{\"@type\":\"ListItem\",\"position\":2,\"name\":\"Milano Fashion Week Womens 2026 | Date ed eventi\"}]},{\"@type\":\"WebSite\",\"@id\":\"https:\/\/www.etineris.net\/blog\/#website\",\"url\":\"https:\/\/www.etineris.net\/blog\/\",\"name\":\"Etineris\",\"description\":\"Il blog di viaggi e turismo per scoprire le migliori destinazioni e prenotare hotel in modo intelligente\",\"publisher\":{\"@id\":\"https:\/\/www.etineris.net\/blog\/#organization\"},\"potentialAction\":[{\"@type\":\"SearchAction\",\"target\":{\"@type\":\"EntryPoint\",\"urlTemplate\":\"https:\/\/www.etineris.net\/blog\/?s={search_term_string}\"},\"query-input\":{\"@type\":\"PropertyValueSpecification\",\"valueRequired\":true,\"valueName\":\"search_term_string\"}}],\"inLanguage\":\"en-US\"},{\"@type\":[\"Organization\",\"Place\"],\"@id\":\"https:\/\/www.etineris.net\/blog\/#organization\",\"name\":\"Etineris\",\"url\":\"https:\/\/www.etineris.net\/blog\/\",\"logo\":{\"@id\":\"https:\/\/www.etineris.net\/blog\/milano-fashion-week-womens-2026\/#local-main-organization-logo\"},\"image\":{\"@id\":\"https:\/\/www.etineris.net\/blog\/milano-fashion-week-womens-2026\/#local-main-organization-logo\"},\"sameAs\":[\"https:\/\/www.facebook.com\/Etinerisnet\",\"https:\/\/x.com\/etineris\"],\"description\":\"Etineris \u00e8 un portale di prenotazioni online per hotel e strutture turistiche in tutto il mondo.\",\"legalName\":\"Etineris Srl\",\"foundingDate\":\"2006-02-07\",\"naics\":\"561510\",\"address\":{\"@id\":\"https:\/\/www.etineris.net\/blog\/milano-fashion-week-womens-2026\/#local-main-place-address\"},\"geo\":{\"@type\":\"GeoCoordinates\",\"latitude\":\"45.48486\",\"longitude\":\"9.20527\"},\"telephone\":[],\"contactPoint\":{\"@type\":\"ContactPoint\",\"email\":\"info@etineris.net\"},\"openingHoursSpecification\":[{\"@type\":\"OpeningHoursSpecification\",\"dayOfWeek\":[\"Monday\",\"Tuesday\",\"Wednesday\",\"Thursday\",\"Friday\",\"Saturday\",\"Sunday\"],\"opens\":\"09:00\",\"closes\":\"17:00\"}],\"email\":\"info@etineris.net\",\"areaServed\":\"Italia, Europa, Internazionale\",\"vatID\":\"05160440961\",\"taxID\":\"05160440961\"},{\"@type\":\"Person\",\"@id\":\"https:\/\/www.etineris.net\/blog\/#\/schema\/person\/77f4596f820b284f80c21046f37db9ba\",\"name\":\"admin\",\"image\":{\"@type\":\"ImageObject\",\"inLanguage\":\"en-US\",\"@id\":\"https:\/\/www.etineris.net\/blog\/#\/schema\/person\/image\/\",\"url\":\"https:\/\/secure.gravatar.com\/avatar\/92e8cc3693c14d2c4c387819eb671dc7d62ea0dac4703a101ea8c5d0effb1c9a?s=96&d=mm&r=g\",\"contentUrl\":\"https:\/\/secure.gravatar.com\/avatar\/92e8cc3693c14d2c4c387819eb671dc7d62ea0dac4703a101ea8c5d0effb1c9a?s=96&d=mm&r=g\",\"caption\":\"admin\"},\"sameAs\":[\"https:\/\/www.etineris.net\/it\/blog\"],\"url\":\"https:\/\/www.etineris.net\/blog\/author\/admin\/\"},{\"@type\":\"PostalAddress\",\"@id\":\"https:\/\/www.etineris.net\/blog\/milano-fashion-week-womens-2026\/#local-main-place-address\",\"streetAddress\":\"Via Alfredo Cappellini, 18\",\"addressLocality\":\"Milano\",\"postalCode\":\"20124\",\"addressRegion\":\"MI\",\"addressCountry\":\"IT\"},{\"@type\":\"ImageObject\",\"inLanguage\":\"en-US\",\"@id\":\"https:\/\/www.etineris.net\/blog\/milano-fashion-week-womens-2026\/#local-main-organization-logo\",\"url\":\"https:\/\/www.etineris.net\/blog\/wp-content\/uploads\/2025\/07\/etineris.png\",\"contentUrl\":\"https:\/\/www.etineris.net\/blog\/wp-content\/uploads\/2025\/07\/etineris.png\",\"width\":162,\"height\":80,\"caption\":\"Etineris\"}]}<\/script>\n<meta name=\"geo.placename\" content=\"Milano\" \/>\n<meta name=\"geo.position\" content=\"45.48486;9.20527\" \/>\n<meta name=\"geo.region\" content=\"Italy\" \/>\n<!-- \/ Yoast SEO Premium plugin. -->","yoast_head_json":{"title":"Milano Fashion Week Womens 2026 | Date ed eventi - Etineris Blog - Consigli di viaggio, hotel e destinazioni in tutto il mondo","description":"Scopri la Milano Fashion Week Womens 2026: date ufficiali, eventi, tendenze e ruolo della Camera della Moda, 24 febbraio al 2 marzo a Milano","robots":{"index":"index","follow":"follow","max-snippet":"max-snippet:-1","max-image-preview":"max-image-preview:large","max-video-preview":"max-video-preview:-1"},"canonical":"https:\/\/www.etineris.net\/blog\/milano-fashion-week-womens-2026\/","og_locale":"en_US","og_type":"article","og_title":"Milano Fashion Week Womens 2026 | Date ed eventi","og_description":"Scopri la Milano Fashion Week Womens 2026: date ufficiali, eventi, tendenze e ruolo della Camera della Moda, 24 febbraio al 2 marzo a Milano","og_url":"https:\/\/www.etineris.net\/blog\/milano-fashion-week-womens-2026\/","og_site_name":"Etineris Blog - Consigli di viaggio, hotel e destinazioni in tutto il mondo","article_publisher":"https:\/\/www.facebook.com\/Etinerisnet","article_published_time":"2026-01-07T20:21:14+00:00","article_modified_time":"2026-02-13T10:11:45+00:00","og_image":[{"width":162,"height":80,"url":"https:\/\/www.etineris.net\/blog\/wp-content\/uploads\/2025\/07\/etineris.png","type":"image\/png"}],"author":"admin","twitter_card":"summary_large_image","twitter_creator":"@etineris","twitter_site":"@etineris","twitter_misc":{"Written by":"admin","Est. reading time":"7 minutes"},"schema":{"@context":"https:\/\/schema.org","@graph":[{"@type":"Article","@id":"https:\/\/www.etineris.net\/blog\/milano-fashion-week-womens-2026\/#article","isPartOf":{"@id":"https:\/\/www.etineris.net\/blog\/milano-fashion-week-womens-2026\/"},"author":{"name":"admin","@id":"https:\/\/www.etineris.net\/blog\/#\/schema\/person\/77f4596f820b284f80c21046f37db9ba"},"headline":"Milano Fashion Week Womens 2026 | Date ed eventi","datePublished":"2026-01-07T20:21:14+00:00","dateModified":"2026-02-13T10:11:45+00:00","mainEntityOfPage":{"@id":"https:\/\/www.etineris.net\/blog\/milano-fashion-week-womens-2026\/"},"wordCount":1205,"commentCount":0,"publisher":{"@id":"https:\/\/www.etineris.net\/blog\/#organization"},"articleSection":["Consigli di viaggio"],"inLanguage":"en-US","potentialAction":[{"@type":"CommentAction","name":"Comment","target":["https:\/\/www.etineris.net\/blog\/milano-fashion-week-womens-2026\/#respond"]}],"copyrightYear":"2026","copyrightHolder":{"@id":"https:\/\/www.etineris.net\/blog\/#organization"}},{"@type":"WebPage","@id":"https:\/\/www.etineris.net\/blog\/milano-fashion-week-womens-2026\/","url":"https:\/\/www.etineris.net\/blog\/milano-fashion-week-womens-2026\/","name":"Milano Fashion Week Womens 2026 | Date ed eventi - Etineris Blog - Consigli di viaggio, hotel e destinazioni in tutto il mondo","isPartOf":{"@id":"https:\/\/www.etineris.net\/blog\/#website"},"datePublished":"2026-01-07T20:21:14+00:00","dateModified":"2026-02-13T10:11:45+00:00","description":"Scopri la Milano Fashion Week Womens 2026: date ufficiali, eventi, tendenze e ruolo della Camera della Moda, 24 febbraio al 2 marzo a Milano","breadcrumb":{"@id":"https:\/\/www.etineris.net\/blog\/milano-fashion-week-womens-2026\/#breadcrumb"},"inLanguage":"en-US","potentialAction":[{"@type":"ReadAction","target":["https:\/\/www.etineris.net\/blog\/milano-fashion-week-womens-2026\/"]}]},{"@type":"BreadcrumbList","@id":"https:\/\/www.etineris.net\/blog\/milano-fashion-week-womens-2026\/#breadcrumb","itemListElement":[{"@type":"ListItem","position":1,"name":"Home","item":"https:\/\/www.etineris.net\/blog\/"},{"@type":"ListItem","position":2,"name":"Milano Fashion Week Womens 2026 | Date ed eventi"}]},{"@type":"WebSite","@id":"https:\/\/www.etineris.net\/blog\/#website","url":"https:\/\/www.etineris.net\/blog\/","name":"Etineris","description":"Il blog di viaggi e turismo per scoprire le migliori destinazioni e prenotare hotel in modo intelligente","publisher":{"@id":"https:\/\/www.etineris.net\/blog\/#organization"},"potentialAction":[{"@type":"SearchAction","target":{"@type":"EntryPoint","urlTemplate":"https:\/\/www.etineris.net\/blog\/?s={search_term_string}"},"query-input":{"@type":"PropertyValueSpecification","valueRequired":true,"valueName":"search_term_string"}}],"inLanguage":"en-US"},{"@type":["Organization","Place"],"@id":"https:\/\/www.etineris.net\/blog\/#organization","name":"Etineris","url":"https:\/\/www.etineris.net\/blog\/","logo":{"@id":"https:\/\/www.etineris.net\/blog\/milano-fashion-week-womens-2026\/#local-main-organization-logo"},"image":{"@id":"https:\/\/www.etineris.net\/blog\/milano-fashion-week-womens-2026\/#local-main-organization-logo"},"sameAs":["https:\/\/www.facebook.com\/Etinerisnet","https:\/\/x.com\/etineris"],"description":"Etineris \u00e8 un portale di prenotazioni online per hotel e strutture turistiche in tutto il mondo.","legalName":"Etineris Srl","foundingDate":"2006-02-07","naics":"561510","address":{"@id":"https:\/\/www.etineris.net\/blog\/milano-fashion-week-womens-2026\/#local-main-place-address"},"geo":{"@type":"GeoCoordinates","latitude":"45.48486","longitude":"9.20527"},"telephone":[],"contactPoint":{"@type":"ContactPoint","email":"info@etineris.net"},"openingHoursSpecification":[{"@type":"OpeningHoursSpecification","dayOfWeek":["Monday","Tuesday","Wednesday","Thursday","Friday","Saturday","Sunday"],"opens":"09:00","closes":"17:00"}],"email":"info@etineris.net","areaServed":"Italia, Europa, Internazionale","vatID":"05160440961","taxID":"05160440961"},{"@type":"Person","@id":"https:\/\/www.etineris.net\/blog\/#\/schema\/person\/77f4596f820b284f80c21046f37db9ba","name":"admin","image":{"@type":"ImageObject","inLanguage":"en-US","@id":"https:\/\/www.etineris.net\/blog\/#\/schema\/person\/image\/","url":"https:\/\/secure.gravatar.com\/avatar\/92e8cc3693c14d2c4c387819eb671dc7d62ea0dac4703a101ea8c5d0effb1c9a?s=96&d=mm&r=g","contentUrl":"https:\/\/secure.gravatar.com\/avatar\/92e8cc3693c14d2c4c387819eb671dc7d62ea0dac4703a101ea8c5d0effb1c9a?s=96&d=mm&r=g","caption":"admin"},"sameAs":["https:\/\/www.etineris.net\/it\/blog"],"url":"https:\/\/www.etineris.net\/blog\/author\/admin\/"},{"@type":"PostalAddress","@id":"https:\/\/www.etineris.net\/blog\/milano-fashion-week-womens-2026\/#local-main-place-address","streetAddress":"Via Alfredo Cappellini, 18","addressLocality":"Milano","postalCode":"20124","addressRegion":"MI","addressCountry":"IT"},{"@type":"ImageObject","inLanguage":"en-US","@id":"https:\/\/www.etineris.net\/blog\/milano-fashion-week-womens-2026\/#local-main-organization-logo","url":"https:\/\/www.etineris.net\/blog\/wp-content\/uploads\/2025\/07\/etineris.png","contentUrl":"https:\/\/www.etineris.net\/blog\/wp-content\/uploads\/2025\/07\/etineris.png","width":162,"height":80,"caption":"Etineris"}]},"geo.placename":"Milano","geo.position":{"lat":"45.48486","long":"9.20527"},"geo.region":"Italy"},"jetpack_publicize_connections":[],"_links":{"self":[{"href":"https:\/\/www.etineris.net\/blog\/wp-json\/wp\/v2\/posts\/587","targetHints":{"allow":["GET"]}}],"collection":[{"href":"https:\/\/www.etineris.net\/blog\/wp-json\/wp\/v2\/posts"}],"about":[{"href":"https:\/\/www.etineris.net\/blog\/wp-json\/wp\/v2\/types\/post"}],"author":[{"embeddable":true,"href":"https:\/\/www.etineris.net\/blog\/wp-json\/wp\/v2\/users\/1"}],"replies":[{"embeddable":true,"href":"https:\/\/www.etineris.net\/blog\/wp-json\/wp\/v2\/comments?post=587"}],"version-history":[{"count":32,"href":"https:\/\/www.etineris.net\/blog\/wp-json\/wp\/v2\/posts\/587\/revisions"}],"predecessor-version":[{"id":988,"href":"https:\/\/www.etineris.net\/blog\/wp-json\/wp\/v2\/posts\/587\/revisions\/988"}],"wp:attachment":[{"href":"https:\/\/www.etineris.net\/blog\/wp-json\/wp\/v2\/media?parent=587"}],"wp:term":[{"taxonomy":"category","embeddable":true,"href":"https:\/\/www.etineris.net\/blog\/wp-json\/wp\/v2\/categories?post=587"},{"taxonomy":"post_tag","embeddable":true,"href":"https:\/\/www.etineris.net\/blog\/wp-json\/wp\/v2\/tags?post=587"}],"curies":[{"name":"wp","href":"https:\/\/api.w.org\/{rel}","templated":true}]}}